{"id":5036,"date":"2015-10-07T12:38:10","date_gmt":"2015-10-07T10:38:10","guid":{"rendered":"http:\/\/www.augentrost.info\/wordpress\/?p=5036"},"modified":"2015-10-07T12:38:10","modified_gmt":"2015-10-07T10:38:10","slug":"sudwind-und-ostwind","status":"publish","type":"post","link":"https:\/\/www.augentrost.info\/wordpress\/?p=5036","title":{"rendered":"s\u00fcdwind und ostwind"},"content":{"rendered":"<p><a href=\"http:\/\/www.augentrost.info\/wordpress\/wp-content\/uploads\/2015\/10\/schal-coast-memory-det.jpg\"><img loading=\"lazy\" decoding=\"async\" class=\"alignnone size-full wp-image-5037\" title=\"schal coast memory det\" src=\"http:\/\/www.augentrost.info\/wordpress\/wp-content\/uploads\/2015\/10\/schal-coast-memory-det.jpg\" alt=\"\" width=\"400\" height=\"300\" srcset=\"https:\/\/www.augentrost.info\/wordpress\/wp-content\/uploads\/2015\/10\/schal-coast-memory-det.jpg 400w, https:\/\/www.augentrost.info\/wordpress\/wp-content\/uploads\/2015\/10\/schal-coast-memory-det-300x225.jpg 300w\" sizes=\"auto, (max-width: 400px) 100vw, 400px\" \/><\/a><\/p>\n<p>erinnert das noch an die vergangenen ferien am strand<\/p>\n<p><a href=\"http:\/\/www.augentrost.info\/wordpress\/wp-content\/uploads\/2015\/10\/schal-golden-october-det.jpg\"><img loading=\"lazy\" decoding=\"async\" class=\"alignnone size-full wp-image-5039\" title=\"schal golden october det\" src=\"http:\/\/www.augentrost.info\/wordpress\/wp-content\/uploads\/2015\/10\/schal-golden-october-det.jpg\" alt=\"\" width=\"400\" height=\"534\" srcset=\"https:\/\/www.augentrost.info\/wordpress\/wp-content\/uploads\/2015\/10\/schal-golden-october-det.jpg 400w, https:\/\/www.augentrost.info\/wordpress\/wp-content\/uploads\/2015\/10\/schal-golden-october-det-224x300.jpg 224w\" sizes=\"auto, (max-width: 400px) 100vw, 400px\" \/><\/a><a href=\"http:\/\/www.augentrost.info\/wordpress\/wp-content\/uploads\/2015\/10\/schal-wolkengl\u00fchen-det.jpg\"><img loading=\"lazy\" decoding=\"async\" class=\"alignnone size-full wp-image-5040\" title=\"schal wolkengl\u00fchen det\" src=\"http:\/\/www.augentrost.info\/wordpress\/wp-content\/uploads\/2015\/10\/schal-wolkengl\u00fchen-det.jpg\" alt=\"\" width=\"400\" height=\"300\" srcset=\"https:\/\/www.augentrost.info\/wordpress\/wp-content\/uploads\/2015\/10\/schal-wolkengl\u00fchen-det.jpg 400w, https:\/\/www.augentrost.info\/wordpress\/wp-content\/uploads\/2015\/10\/schal-wolkengl\u00fchen-det-300x225.jpg 300w\" sizes=\"auto, (max-width: 400px) 100vw, 400px\" \/><\/a><\/p>\n<p>sind dies schon eher die farben, die mich momentan umgeben. da ich selber gerne meterweise stoff um mich schlinge, weil ich es kuschelig mag, sind meine schals zwar leicht, aber breit und ausladend.<\/p>\n<p><a href=\"http:\/\/www.augentrost.info\/wordpress\/wp-content\/uploads\/2015\/10\/schal-coast-memory-o.jpg\"><img loading=\"lazy\" decoding=\"async\" class=\"alignnone size-full wp-image-5042\" title=\"schal coast memory o\" src=\"http:\/\/www.augentrost.info\/wordpress\/wp-content\/uploads\/2015\/10\/schal-coast-memory-o.jpg\" alt=\"\" width=\"400\" height=\"534\" srcset=\"https:\/\/www.augentrost.info\/wordpress\/wp-content\/uploads\/2015\/10\/schal-coast-memory-o.jpg 400w, https:\/\/www.augentrost.info\/wordpress\/wp-content\/uploads\/2015\/10\/schal-coast-memory-o-224x300.jpg 224w\" sizes=\"auto, (max-width: 400px) 100vw, 400px\" \/><\/a><a href=\"http:\/\/www.augentrost.info\/wordpress\/wp-content\/uploads\/2015\/10\/schal-golden-october-o.jpg\"><img loading=\"lazy\" decoding=\"async\" class=\"alignnone size-full wp-image-5043\" title=\"schal golden october o\" src=\"http:\/\/www.augentrost.info\/wordpress\/wp-content\/uploads\/2015\/10\/schal-golden-october-o.jpg\" alt=\"\" width=\"400\" height=\"534\" srcset=\"https:\/\/www.augentrost.info\/wordpress\/wp-content\/uploads\/2015\/10\/schal-golden-october-o.jpg 400w, https:\/\/www.augentrost.info\/wordpress\/wp-content\/uploads\/2015\/10\/schal-golden-october-o-224x300.jpg 224w\" sizes=\"auto, (max-width: 400px) 100vw, 400px\" \/><\/a><a href=\"http:\/\/www.augentrost.info\/wordpress\/wp-content\/uploads\/2015\/10\/schal-wolkengl\u00fchen-o1.jpg\"><img loading=\"lazy\" decoding=\"async\" class=\"alignnone size-full wp-image-5046\" title=\"schal wolkengl\u00fchen o\" src=\"http:\/\/www.augentrost.info\/wordpress\/wp-content\/uploads\/2015\/10\/schal-wolkengl\u00fchen-o1.jpg\" alt=\"\" width=\"400\" height=\"534\" srcset=\"https:\/\/www.augentrost.info\/wordpress\/wp-content\/uploads\/2015\/10\/schal-wolkengl\u00fchen-o1.jpg 400w, https:\/\/www.augentrost.info\/wordpress\/wp-content\/uploads\/2015\/10\/schal-wolkengl\u00fchen-o1-224x300.jpg 224w\" sizes=\"auto, (max-width: 400px) 100vw, 400px\" \/><\/a><\/p>\n<p>gearbeitet sind sie aus chubut und pongeeseide &#8211; mit ein bisschen m\u00e4dchenglitzer&#8230;<\/p>\n<p><a href=\"http:\/\/www.augentrost.info\/wordpress\/wp-content\/uploads\/2015\/10\/schal-coast-memory-z1.jpg\"><img loading=\"lazy\" decoding=\"async\" class=\"alignnone size-full wp-image-5053\" title=\"schal coast memory z\" src=\"http:\/\/www.augentrost.info\/wordpress\/wp-content\/uploads\/2015\/10\/schal-coast-memory-z1.jpg\" alt=\"\" width=\"400\" height=\"534\" srcset=\"https:\/\/www.augentrost.info\/wordpress\/wp-content\/uploads\/2015\/10\/schal-coast-memory-z1.jpg 400w, https:\/\/www.augentrost.info\/wordpress\/wp-content\/uploads\/2015\/10\/schal-coast-memory-z1-224x300.jpg 224w\" sizes=\"auto, (max-width: 400px) 100vw, 400px\" \/><\/a><\/p>\n<p>f\u00fcr die erdigen t\u00f6ne druckte ich die mit essigfarben gef\u00e4rbte seide im 2. gang ziemlich ungerichtet mit bl\u00e4ttern aus dem garten. sie geben w\u00e4rme und tiefe, die durch die eingearbeiteten reservierungen noch mehr lebt.<\/p>\n<p><a href=\"http:\/\/www.augentrost.info\/wordpress\/wp-content\/uploads\/2015\/10\/schal-golden-october-z.jpg\"><img loading=\"lazy\" decoding=\"async\" class=\"alignnone size-full wp-image-5048\" title=\"schal golden october z\" src=\"http:\/\/www.augentrost.info\/wordpress\/wp-content\/uploads\/2015\/10\/schal-golden-october-z.jpg\" alt=\"\" width=\"400\" height=\"534\" srcset=\"https:\/\/www.augentrost.info\/wordpress\/wp-content\/uploads\/2015\/10\/schal-golden-october-z.jpg 400w, https:\/\/www.augentrost.info\/wordpress\/wp-content\/uploads\/2015\/10\/schal-golden-october-z-224x300.jpg 224w\" sizes=\"auto, (max-width: 400px) 100vw, 400px\" \/><\/a><a href=\"http:\/\/www.augentrost.info\/wordpress\/wp-content\/uploads\/2015\/10\/schal-wolkengl\u00fchen-z.jpg\"><img loading=\"lazy\" decoding=\"async\" class=\"alignnone size-full wp-image-5049\" title=\"schal wolkengl\u00fchen z\" src=\"http:\/\/www.augentrost.info\/wordpress\/wp-content\/uploads\/2015\/10\/schal-wolkengl\u00fchen-z.jpg\" alt=\"\" width=\"400\" height=\"534\" srcset=\"https:\/\/www.augentrost.info\/wordpress\/wp-content\/uploads\/2015\/10\/schal-wolkengl\u00fchen-z.jpg 400w, https:\/\/www.augentrost.info\/wordpress\/wp-content\/uploads\/2015\/10\/schal-wolkengl\u00fchen-z-224x300.jpg 224w\" sizes=\"auto, (max-width: 400px) 100vw, 400px\" \/><\/a><\/p>\n<p>auch daf\u00fcr ist ecoprint eine super alternative zu maschinell gemusterten seidenstoffen &#8211; in windeseile und g\u00fcnstig zaubert die natur strukturen, die die unterlegte wolle beim nunofilz verfremdet, gestaltet und umformt. nach dem filzen sind die blattmotive nicht mehr vollst\u00e4ndig klar zu erkennen &#8211; sie muten eher wie ein windsto\u00df an, der die bl\u00e4tter gerade im moment vom baum fegt.<\/p>\n<p><a href=\"http:\/\/www.augentrost.info\/wordpress\/wp-content\/uploads\/2015\/10\/n\u00e4chstes-projekt.jpg\"><img loading=\"lazy\" decoding=\"async\" class=\"alignnone size-full wp-image-5050\" title=\"n\u00e4chstes projekt\" src=\"http:\/\/www.augentrost.info\/wordpress\/wp-content\/uploads\/2015\/10\/n\u00e4chstes-projekt.jpg\" alt=\"\" width=\"400\" height=\"300\" srcset=\"https:\/\/www.augentrost.info\/wordpress\/wp-content\/uploads\/2015\/10\/n\u00e4chstes-projekt.jpg 400w, https:\/\/www.augentrost.info\/wordpress\/wp-content\/uploads\/2015\/10\/n\u00e4chstes-projekt-300x225.jpg 300w\" sizes=\"auto, (max-width: 400px) 100vw, 400px\" \/><\/a><\/p>\n<p>womit ich &#8211; wenn ich so auf den werkstattboden schaue &#8211; schon beim n\u00e4chsten projekt bin &#8211; dazu mehr die tage.<\/p>\n<p>&nbsp;<\/p>\n","protected":false},"excerpt":{"rendered":"<p>erinnert das noch an die vergangenen ferien am strand sind dies schon eher die farben, die mich momentan umgeben. da ich selber gerne meterweise stoff um mich schlinge, weil ich es kuschelig mag, sind meine schals zwar leicht, aber breit und ausladend. gearbeitet sind sie aus chubut und pongeeseide &#8211; mit ein bisschen m\u00e4dchenglitzer&#8230; f\u00fcr [&hellip;]<\/p>\n","protected":false},"author":2,"featured_media":0,"comment_status":"open","ping_status":"closed","sticky":false,"template":"","format":"standard","meta":{"footnotes":""},"categories":[1,16,108],"tags":[175,127,44,39],"class_list":["post-5036","post","type-post","status-publish","format-standard","hentry","category-allgemein","category-herbstgefluster","category-kleidung","tag-ecoprint","tag-filzschal","tag-naturfarben","tag-nunofilz"],"_links":{"self":[{"href":"https:\/\/www.augentrost.info\/wordpress\/index.php?rest_route=\/wp\/v2\/posts\/5036","targetHints":{"allow":["GET"]}}],"collection":[{"href":"https:\/\/www.augentrost.info\/wordpress\/index.php?rest_route=\/wp\/v2\/posts"}],"about":[{"href":"https:\/\/www.augentrost.info\/wordpress\/index.php?rest_route=\/wp\/v2\/types\/post"}],"author":[{"embeddable":true,"href":"https:\/\/www.augentrost.info\/wordpress\/index.php?rest_route=\/wp\/v2\/users\/2"}],"replies":[{"embeddable":true,"href":"https:\/\/www.augentrost.info\/wordpress\/index.php?rest_route=%2Fwp%2Fv2%2Fcomments&post=5036"}],"version-history":[{"count":10,"href":"https:\/\/www.augentrost.info\/wordpress\/index.php?rest_route=\/wp\/v2\/posts\/5036\/revisions"}],"predecessor-version":[{"id":5059,"href":"https:\/\/www.augentrost.info\/wordpress\/index.php?rest_route=\/wp\/v2\/posts\/5036\/revisions\/5059"}],"wp:attachment":[{"href":"https:\/\/www.augentrost.info\/wordpress\/index.php?rest_route=%2Fwp%2Fv2%2Fmedia&parent=5036"}],"wp:term":[{"taxonomy":"category","embeddable":true,"href":"https:\/\/www.augentrost.info\/wordpress\/index.php?rest_route=%2Fwp%2Fv2%2Fcategories&post=5036"},{"taxonomy":"post_tag","embeddable":true,"href":"https:\/\/www.augentrost.info\/wordpress\/index.php?rest_route=%2Fwp%2Fv2%2Ftags&post=5036"}],"curies":[{"name":"wp","href":"https:\/\/api.w.org\/{rel}","templated":true}]}}