{"id":4402,"date":"2014-09-22T15:19:08","date_gmt":"2014-09-22T13:19:08","guid":{"rendered":"http:\/\/www.augentrost.info\/wordpress\/?p=4402"},"modified":"2014-09-22T15:19:08","modified_gmt":"2014-09-22T13:19:08","slug":"jetzt-gehts-looos","status":"publish","type":"post","link":"https:\/\/www.augentrost.info\/wordpress\/?p=4402","title":{"rendered":"jetzt gehts looos!"},"content":{"rendered":"<p><a href=\"http:\/\/www.augentrost.info\/wordpress\/wp-content\/uploads\/2014\/09\/werkstattarbeit.jpg\"><img loading=\"lazy\" decoding=\"async\" class=\"alignnone size-full wp-image-4413\" title=\"werkstattarbeit\" src=\"http:\/\/www.augentrost.info\/wordpress\/wp-content\/uploads\/2014\/09\/werkstattarbeit.jpg\" alt=\"\" width=\"380\" height=\"506\" srcset=\"https:\/\/www.augentrost.info\/wordpress\/wp-content\/uploads\/2014\/09\/werkstattarbeit.jpg 380w, https:\/\/www.augentrost.info\/wordpress\/wp-content\/uploads\/2014\/09\/werkstattarbeit-225x300.jpg 225w\" sizes=\"auto, (max-width: 380px) 100vw, 380px\" \/><\/a><\/p>\n<p>nach den sommermonaten \u00f6ffne ich meine werkstatt wieder f\u00fcr das neue kursjahr &#8211; der morgige abend ist schon desl\u00e4ngeren ausgebucht, ihr habt aber bis april noch einige m\u00f6glichkeiten, euch mit mir auf filzreise zu begeben.<\/p>\n<p>so steht am 6. oktober die bl\u00e4tterranke auf dem programm<\/p>\n<p><a href=\"http:\/\/www.augentrost.info\/wordpress\/wp-content\/uploads\/2014\/09\/bl\u00e4tteranke-pink1.jpg\"><img loading=\"lazy\" decoding=\"async\" class=\"alignnone size-full wp-image-4404\" title=\"bl\u00e4tteranke pink1\" src=\"http:\/\/www.augentrost.info\/wordpress\/wp-content\/uploads\/2014\/09\/bl\u00e4tteranke-pink1.jpg\" alt=\"\" width=\"380\" height=\"506\" srcset=\"https:\/\/www.augentrost.info\/wordpress\/wp-content\/uploads\/2014\/09\/bl\u00e4tteranke-pink1.jpg 380w, https:\/\/www.augentrost.info\/wordpress\/wp-content\/uploads\/2014\/09\/bl\u00e4tteranke-pink1-225x300.jpg 225w\" sizes=\"auto, (max-width: 380px) 100vw, 380px\" \/><\/a><\/p>\n<p><span style=\"font-size: 13px;\">am 7.november werden wir kauzig, am 13. und 14. november schalig und am 2. dezember dann engelig&#8230;. und wer mit meinen beschreibungen nun etwas \u00fcberfordert ist, sei herzlich <span style=\"color: #993366;\"><a href=\"http:\/\/www.augentrost.info\/wordpress\/?page_id=152\" target=\"_blank\"><span style=\"color: #993366;\">HIERHER<\/span><\/a><\/span> eingeladen &#8211; hier finden sich einige bildchen &#8211; eure ergebnisse k\u00f6nnen aber nat\u00fcrlich auch ganz anders aussehen!!<\/span><\/p>\n<p>auch in hengersberg wird es in diesem herbst\/winter einige filzkurse geben &#8211; schon am 29.9. werden wir pilzig, am 14.10 eulig<\/p>\n<p><a href=\"http:\/\/www.augentrost.info\/wordpress\/wp-content\/uploads\/2014\/09\/kleine-eule.jpg\"><img loading=\"lazy\" decoding=\"async\" class=\"alignnone size-full wp-image-4410\" title=\"kleine eule\" src=\"http:\/\/www.augentrost.info\/wordpress\/wp-content\/uploads\/2014\/09\/kleine-eule.jpg\" alt=\"\" width=\"380\" height=\"285\" srcset=\"https:\/\/www.augentrost.info\/wordpress\/wp-content\/uploads\/2014\/09\/kleine-eule.jpg 380w, https:\/\/www.augentrost.info\/wordpress\/wp-content\/uploads\/2014\/09\/kleine-eule-300x225.jpg 300w\" sizes=\"auto, (max-width: 380px) 100vw, 380px\" \/><\/a><\/p>\n<p>am 3.11. kartig und 12.12. w\u00e4rmelig &#8211; n\u00e4here infos findet ihr<span style=\"color: #993366;\"> <a href=\"http:\/\/gartenundart.de\" target=\"_blank\"><span style=\"color: #993366;\">hier<\/span><\/a>\u00a0<\/span><span style=\"color: #333333;\">oder direkt bei mechtild kapfinger in ihrem l\u00e4dchen gARTen und art im helinger weg 8 in hengersberg.<\/span><\/p>\n<p><span style=\"color: #333333;\">ich freue mich auf viele bekannte und neue gesichter!<\/span><\/p>\n<p>&nbsp;<\/p>\n<p>&nbsp;<\/p>\n<p>&nbsp;<\/p>\n","protected":false},"excerpt":{"rendered":"<p>nach den sommermonaten \u00f6ffne ich meine werkstatt wieder f\u00fcr das neue kursjahr &#8211; der morgige abend ist schon desl\u00e4ngeren ausgebucht, ihr habt aber bis april noch einige m\u00f6glichkeiten, euch mit mir auf filzreise zu begeben. so steht am 6. oktober die bl\u00e4tterranke auf dem programm am 7.november werden wir kauzig, am 13. und 14. november [&hellip;]<\/p>\n","protected":false},"author":2,"featured_media":0,"comment_status":"open","ping_status":"closed","sticky":false,"template":"","format":"standard","meta":{"footnotes":""},"categories":[7,54],"tags":[14,40,41],"class_list":["post-4402","post","type-post","status-publish","format-standard","hentry","category-filzkurse","category-materialkunde","tag-filzen","tag-filzkurs","tag-kurs"],"_links":{"self":[{"href":"https:\/\/www.augentrost.info\/wordpress\/index.php?rest_route=\/wp\/v2\/posts\/4402","targetHints":{"allow":["GET"]}}],"collection":[{"href":"https:\/\/www.augentrost.info\/wordpress\/index.php?rest_route=\/wp\/v2\/posts"}],"about":[{"href":"https:\/\/www.augentrost.info\/wordpress\/index.php?rest_route=\/wp\/v2\/types\/post"}],"author":[{"embeddable":true,"href":"https:\/\/www.augentrost.info\/wordpress\/index.php?rest_route=\/wp\/v2\/users\/2"}],"replies":[{"embeddable":true,"href":"https:\/\/www.augentrost.info\/wordpress\/index.php?rest_route=%2Fwp%2Fv2%2Fcomments&post=4402"}],"version-history":[{"count":11,"href":"https:\/\/www.augentrost.info\/wordpress\/index.php?rest_route=\/wp\/v2\/posts\/4402\/revisions"}],"predecessor-version":[{"id":4420,"href":"https:\/\/www.augentrost.info\/wordpress\/index.php?rest_route=\/wp\/v2\/posts\/4402\/revisions\/4420"}],"wp:attachment":[{"href":"https:\/\/www.augentrost.info\/wordpress\/index.php?rest_route=%2Fwp%2Fv2%2Fmedia&parent=4402"}],"wp:term":[{"taxonomy":"category","embeddable":true,"href":"https:\/\/www.augentrost.info\/wordpress\/index.php?rest_route=%2Fwp%2Fv2%2Fcategories&post=4402"},{"taxonomy":"post_tag","embeddable":true,"href":"https:\/\/www.augentrost.info\/wordpress\/index.php?rest_route=%2Fwp%2Fv2%2Ftags&post=4402"}],"curies":[{"name":"wp","href":"https:\/\/api.w.org\/{rel}","templated":true}]}}