{"id":3017,"date":"2012-09-30T12:06:56","date_gmt":"2012-09-30T10:06:56","guid":{"rendered":"http:\/\/www.augentrost.info\/wordpress\/?p=3017"},"modified":"2012-09-30T12:06:56","modified_gmt":"2012-09-30T10:06:56","slug":"premieren","status":"publish","type":"post","link":"https:\/\/www.augentrost.info\/wordpress\/?p=3017","title":{"rendered":"premieren"},"content":{"rendered":"<p><a href=\"http:\/\/www.augentrost.info\/wordpress\/wp-content\/uploads\/2012\/09\/sekt.jpg\"><img loading=\"lazy\" decoding=\"async\" class=\"alignnone size-full wp-image-3018\" title=\"sekt\" src=\"http:\/\/www.augentrost.info\/wordpress\/wp-content\/uploads\/2012\/09\/sekt.jpg\" alt=\"\" width=\"400\" height=\"534\" srcset=\"https:\/\/www.augentrost.info\/wordpress\/wp-content\/uploads\/2012\/09\/sekt.jpg 400w, https:\/\/www.augentrost.info\/wordpress\/wp-content\/uploads\/2012\/09\/sekt-224x300.jpg 224w\" sizes=\"auto, (max-width: 400px) 100vw, 400px\" \/><\/a><\/p>\n<p>er\u00f6ffnungen aller orten &#8211; am freitagabend der offizielle einweihungsempfang des ladens &#8222;kunst &amp; handwerk regional&#8220; am oberen stadtplatz 26 in deggendorf.<\/p>\n<p><a href=\"http:\/\/www.augentrost.info\/wordpress\/wp-content\/uploads\/2012\/09\/er\u00f6ffnung-kh.jpg\"><img loading=\"lazy\" decoding=\"async\" class=\"alignnone size-full wp-image-3020\" title=\"er\u00f6ffnung k&amp;h\" src=\"http:\/\/www.augentrost.info\/wordpress\/wp-content\/uploads\/2012\/09\/er\u00f6ffnung-kh.jpg\" alt=\"\" width=\"400\" height=\"300\" srcset=\"https:\/\/www.augentrost.info\/wordpress\/wp-content\/uploads\/2012\/09\/er\u00f6ffnung-kh.jpg 400w, https:\/\/www.augentrost.info\/wordpress\/wp-content\/uploads\/2012\/09\/er\u00f6ffnung-kh-300x225.jpg 300w\" sizes=\"auto, (max-width: 400px) 100vw, 400px\" \/><\/a><a href=\"http:\/\/www.augentrost.info\/wordpress\/wp-content\/uploads\/2012\/09\/er\u00f6ffnung-kh2.jpg\"><img loading=\"lazy\" decoding=\"async\" class=\"alignnone size-full wp-image-3019\" title=\"er\u00f6ffnung k&amp;h2\" src=\"http:\/\/www.augentrost.info\/wordpress\/wp-content\/uploads\/2012\/09\/er\u00f6ffnung-kh2.jpg\" alt=\"\" width=\"400\" height=\"534\" srcset=\"https:\/\/www.augentrost.info\/wordpress\/wp-content\/uploads\/2012\/09\/er\u00f6ffnung-kh2.jpg 400w, https:\/\/www.augentrost.info\/wordpress\/wp-content\/uploads\/2012\/09\/er\u00f6ffnung-kh2-224x300.jpg 224w\" sizes=\"auto, (max-width: 400px) 100vw, 400px\" \/><\/a><\/p>\n<p>20 schaffende verschiedenster gewerke haben sich im verein kunst und handwerk regional zusammengeschlossen, um gemeinsam ihre liebe zum jeweiligen werkstoff pr\u00e4sentieren zu k\u00f6nnen. so\u00a0sind im laden werke aus den bereichen schmuck, keramik, glas, textilien, filz, malerei, holzobjekte und m\u00f6bel vertreten. auch filzereien aus der werkstatt augentrost sind hier zu finden. vielen dank f\u00fcr das gro\u00dfe interesse und die zahlreichen gl\u00fcckw\u00fcnsche &#8211; der platz wurde erfreulicherweise\u00a0manchmal etwas knapp, was der entspannten und freudigen stimmung auf seiten der ausstellerInnen aber auch der kundschaft keinen abbruch tat. n\u00e4here informationen zum verein und zum laden finden sich\u00a0auf der seite <a title=\"kunst und handwerk regional\" href=\"http:\/\/www.kunst-handwerk-regional.de\" target=\"_blank\">www.kunst-handwerk-regional.de<\/a>, die sich momentan noch im aufbau befindet.<\/p>\n<p>er\u00f6ffnung nummer2 fand\u00a0am n\u00e4chsten morgen in den neuen kursr\u00e4umen meiner filzwerkstatt augentrost im kapuzinergraben 5 in deggendorf statt. nicht mit einem offiziellen opening sondern mit kleiner versp\u00e4tung begann der erste offizielle tagesfilzkurs &#8211; und nachdem sich der erste stress der fahrt gelegt hatte (die damen reisten immerhin gut 3 stunden von innsbruck aus an), folgte ein tag der handwerklichen kreativit\u00e4t, der guten laune und flei\u00dfiger filzarbeit.<\/p>\n<p><a href=\"http:\/\/www.augentrost.info\/wordpress\/wp-content\/uploads\/2012\/09\/kurs-sitzfilze-legen.jpg\"><img loading=\"lazy\" decoding=\"async\" class=\"alignnone size-full wp-image-3022\" title=\"kurs sitzfilze legen\" src=\"http:\/\/www.augentrost.info\/wordpress\/wp-content\/uploads\/2012\/09\/kurs-sitzfilze-legen.jpg\" alt=\"\" width=\"400\" height=\"300\" srcset=\"https:\/\/www.augentrost.info\/wordpress\/wp-content\/uploads\/2012\/09\/kurs-sitzfilze-legen.jpg 400w, https:\/\/www.augentrost.info\/wordpress\/wp-content\/uploads\/2012\/09\/kurs-sitzfilze-legen-300x225.jpg 300w\" sizes=\"auto, (max-width: 400px) 100vw, 400px\" \/><\/a><a href=\"http:\/\/www.augentrost.info\/wordpress\/wp-content\/uploads\/2012\/09\/kurs-sitzfilze-legen3.jpg\"><img loading=\"lazy\" decoding=\"async\" class=\"alignnone size-full wp-image-3023\" title=\"kurs sitzfilze legen3\" src=\"http:\/\/www.augentrost.info\/wordpress\/wp-content\/uploads\/2012\/09\/kurs-sitzfilze-legen3.jpg\" alt=\"\" width=\"400\" height=\"300\" srcset=\"https:\/\/www.augentrost.info\/wordpress\/wp-content\/uploads\/2012\/09\/kurs-sitzfilze-legen3.jpg 400w, https:\/\/www.augentrost.info\/wordpress\/wp-content\/uploads\/2012\/09\/kurs-sitzfilze-legen3-300x225.jpg 300w\" sizes=\"auto, (max-width: 400px) 100vw, 400px\" \/><\/a><a href=\"http:\/\/www.augentrost.info\/wordpress\/wp-content\/uploads\/2012\/09\/kurs-sitzfilze-legen4.jpg\"><img loading=\"lazy\" decoding=\"async\" class=\"alignnone size-full wp-image-3024\" title=\"kurs sitzfilze legen4\" src=\"http:\/\/www.augentrost.info\/wordpress\/wp-content\/uploads\/2012\/09\/kurs-sitzfilze-legen4.jpg\" alt=\"\" width=\"400\" height=\"300\" srcset=\"https:\/\/www.augentrost.info\/wordpress\/wp-content\/uploads\/2012\/09\/kurs-sitzfilze-legen4.jpg 400w, https:\/\/www.augentrost.info\/wordpress\/wp-content\/uploads\/2012\/09\/kurs-sitzfilze-legen4-300x225.jpg 300w\" sizes=\"auto, (max-width: 400px) 100vw, 400px\" \/><\/a><a href=\"http:\/\/www.augentrost.info\/wordpress\/wp-content\/uploads\/2012\/09\/kurs-sitzfilze-legen2.jpg\"><img loading=\"lazy\" decoding=\"async\" class=\"alignnone size-full wp-image-3026\" title=\"kurs sitzfilze legen2\" src=\"http:\/\/www.augentrost.info\/wordpress\/wp-content\/uploads\/2012\/09\/kurs-sitzfilze-legen2.jpg\" alt=\"\" width=\"400\" height=\"534\" srcset=\"https:\/\/www.augentrost.info\/wordpress\/wp-content\/uploads\/2012\/09\/kurs-sitzfilze-legen2.jpg 400w, https:\/\/www.augentrost.info\/wordpress\/wp-content\/uploads\/2012\/09\/kurs-sitzfilze-legen2-224x300.jpg 224w\" sizes=\"auto, (max-width: 400px) 100vw, 400px\" \/><\/a><\/p>\n<p>mit viel sorgafalt wurden wolken von bergschafwolle exakt ausgelegt, in verschiedensten techniken und vorgehensweisen\u00a0bemustert und danach mit steigendem kraftaufwand gefilzt. vielen dank, ihr lieben, es hat wirklich spass gemacht, mit euch f\u00fcnfen\u00a0meine tische einzuweihen, die schleuder\u00a0beherrschen zu lernen und euch in die geheimnisse des TIROLER bergschafs einzuweisen &#8211; alles gute auf diesem wege. und besonders sch\u00f6n fand ich es, dass aus den zuerst geplanten, sehr stabilen sitzfilzen bei einigen pl\u00f6tzlich andere ideenf\u00f6sche aus dem hirn in die hand h\u00fcpften &#8211; hier die ergebnisse<\/p>\n<p><a href=\"http:\/\/www.augentrost.info\/wordpress\/wp-content\/uploads\/2012\/09\/kurs-sitzfilz-ergebnisse.jpg\"><img loading=\"lazy\" decoding=\"async\" class=\"alignnone size-full wp-image-3027\" title=\"kurs sitzfilz ergebnisse\" src=\"http:\/\/www.augentrost.info\/wordpress\/wp-content\/uploads\/2012\/09\/kurs-sitzfilz-ergebnisse.jpg\" alt=\"\" width=\"400\" height=\"300\" srcset=\"https:\/\/www.augentrost.info\/wordpress\/wp-content\/uploads\/2012\/09\/kurs-sitzfilz-ergebnisse.jpg 400w, https:\/\/www.augentrost.info\/wordpress\/wp-content\/uploads\/2012\/09\/kurs-sitzfilz-ergebnisse-300x225.jpg 300w\" sizes=\"auto, (max-width: 400px) 100vw, 400px\" \/><\/a>\u00a0<\/p>\n<p>nach dem \u00fcberfall zweier lieber freundinnen im anschlu\u00df an den kurs, bewaffnet bis unter die z\u00e4hne mit sekt, schockolade und kleinen geschenken &#8211; f\u00fcr mich, die premierenfrau! &#8211; kann ich nur noch erwartungsfroh in die zukunft schauen<\/p>\n<p><a href=\"http:\/\/www.augentrost.info\/wordpress\/wp-content\/uploads\/2012\/09\/filzweib-11.jpg\"><img loading=\"lazy\" decoding=\"async\" class=\"alignnone size-full wp-image-3028\" title=\"filzweib 1\" src=\"http:\/\/www.augentrost.info\/wordpress\/wp-content\/uploads\/2012\/09\/filzweib-11.jpg\" alt=\"\" width=\"400\" height=\"534\" srcset=\"https:\/\/www.augentrost.info\/wordpress\/wp-content\/uploads\/2012\/09\/filzweib-11.jpg 400w, https:\/\/www.augentrost.info\/wordpress\/wp-content\/uploads\/2012\/09\/filzweib-11-224x300.jpg 224w\" sizes=\"auto, (max-width: 400px) 100vw, 400px\" \/><\/a><\/p>\n<p>schon klopft die n\u00e4chste woche an die werkstattt\u00fcr &#8211; am 3. oktober ab 11.00 findet ihr mich auf dem hoffest in sicking am alpakahof schreiber. dieses mal werdet ihr hier nicht nur auf alpakas, sondern auch auf kamele und meerschweinchen treffen, die kuschelig-gem\u00fctliche familienatmosph\u00e4re auf dem kleinen markt inklusive!<\/p>\n<p>&nbsp;<\/p>\n","protected":false},"excerpt":{"rendered":"<p>er\u00f6ffnungen aller orten &#8211; am freitagabend der offizielle einweihungsempfang des ladens &#8222;kunst &amp; handwerk regional&#8220; am oberen stadtplatz 26 in deggendorf. 20 schaffende verschiedenster gewerke haben sich im verein kunst und handwerk regional zusammengeschlossen, um gemeinsam ihre liebe zum jeweiligen werkstoff pr\u00e4sentieren zu k\u00f6nnen. so\u00a0sind im laden werke aus den bereichen schmuck, keramik, glas, textilien, [&hellip;]<\/p>\n","protected":false},"author":2,"featured_media":0,"comment_status":"open","ping_status":"closed","sticky":false,"template":"","format":"standard","meta":{"footnotes":""},"categories":[1,4,7],"tags":[103,128,49,14,40,32,41],"class_list":["post-3017","post","type-post","status-publish","format-standard","hentry","category-allgemein","category-augentrost-unterwegs","category-filzkurse","tag-alpaka","tag-alpakahof-schreiber","tag-bergschaf","tag-filzen","tag-filzkurs","tag-gefilzt","tag-kurs"],"_links":{"self":[{"href":"https:\/\/www.augentrost.info\/wordpress\/index.php?rest_route=\/wp\/v2\/posts\/3017","targetHints":{"allow":["GET"]}}],"collection":[{"href":"https:\/\/www.augentrost.info\/wordpress\/index.php?rest_route=\/wp\/v2\/posts"}],"about":[{"href":"https:\/\/www.augentrost.info\/wordpress\/index.php?rest_route=\/wp\/v2\/types\/post"}],"author":[{"embeddable":true,"href":"https:\/\/www.augentrost.info\/wordpress\/index.php?rest_route=\/wp\/v2\/users\/2"}],"replies":[{"embeddable":true,"href":"https:\/\/www.augentrost.info\/wordpress\/index.php?rest_route=%2Fwp%2Fv2%2Fcomments&post=3017"}],"version-history":[{"count":11,"href":"https:\/\/www.augentrost.info\/wordpress\/index.php?rest_route=\/wp\/v2\/posts\/3017\/revisions"}],"predecessor-version":[{"id":3039,"href":"https:\/\/www.augentrost.info\/wordpress\/index.php?rest_route=\/wp\/v2\/posts\/3017\/revisions\/3039"}],"wp:attachment":[{"href":"https:\/\/www.augentrost.info\/wordpress\/index.php?rest_route=%2Fwp%2Fv2%2Fmedia&parent=3017"}],"wp:term":[{"taxonomy":"category","embeddable":true,"href":"https:\/\/www.augentrost.info\/wordpress\/index.php?rest_route=%2Fwp%2Fv2%2Fcategories&post=3017"},{"taxonomy":"post_tag","embeddable":true,"href":"https:\/\/www.augentrost.info\/wordpress\/index.php?rest_route=%2Fwp%2Fv2%2Ftags&post=3017"}],"curies":[{"name":"wp","href":"https:\/\/api.w.org\/{rel}","templated":true}]}}